{"id":1110,"date":"2025-10-05T20:00:00","date_gmt":"2025-10-05T19:00:00","guid":{"rendered":"https:\/\/formula1mag.com\/?p=1110"},"modified":"2025-10-18T19:12:58","modified_gmt":"2025-10-18T18:12:58","slug":"mclaren-sacre-champion-du-monde-des-constructeurs-2025-un-double-historique-pour-lecurie-papaye","status":"publish","type":"post","link":"https:\/\/formula1mag.com\/index.php\/2025\/10\/05\/mclaren-sacre-champion-du-monde-des-constructeurs-2025-un-double-historique-pour-lecurie-papaye\/","title":{"rendered":"McLaren sacr\u00e9 champion du monde des constructeurs 2025 : un doubl\u00e9 historique pour l\u2019\u00e9curie papaye"},"content":{"rendered":"\n<p>McLaren s\u2019offre un deuxi\u00e8me titre cons\u00e9cutif de champion du monde des constructeurs, scellant une saison 2025 domin\u00e9e de bout en bout par le duo Norris\u2013Piastri. Une \u00e9motion immense pour toute l\u2019\u00e9quipe britannique, qui n\u2019avait plus encha\u00een\u00e9 deux sacres depuis plus de trente ans.<\/p>\n\n\n\n<p><\/p>\n\n\n\n<p>McLaren a confirm\u00e9 sa supr\u00e9matie en Formule 1. \u00c0 l\u2019issue du Grand Prix de Singapour, l\u2019\u00e9curie de Woking a officiellement d\u00e9croch\u00e9 le titre de championne du monde des constructeurs 2025, son deuxi\u00e8me cons\u00e9cutif, gr\u00e2ce aux troisi\u00e8mes et quatri\u00e8mes places de Lando Norris et Oscar Piastri. Malgr\u00e9 un l\u00e9ger contact entre les deux pilotes au d\u00e9part, le r\u00e9sultat a suffi \u00e0 sceller le sort du championnat, offrant \u00e0 McLaren un dixi\u00e8me titre constructeur dans son histoire.<\/p>\n\n\n\n<p><\/p>\n\n\n\n<p>Ce doubl\u00e9 cons\u00e9cutif n\u2019avait plus \u00e9t\u00e9 r\u00e9alis\u00e9 par l\u2019\u00e9quipe papaye depuis sa p\u00e9riode dor\u00e9e de 1988 \u00e0 1991, marqu\u00e9e par les triomphes d\u2019Ayrton Senna et d\u2019Alain Prost.<\/p>\n\n\n\n<p><\/p>\n\n\n\n<p>Le PDG Zak Brown n\u2019a pas cach\u00e9 son \u00e9motion : \u00ab C\u2019est un moment exceptionnel pour toute l\u2019\u00e9quipe. Une saison incroyable, une \u00e9quipe fantastique sur la piste comme \u00e0 l\u2019usine. Andrea Stella et tout le staff ont fait un travail ph\u00e9nom\u00e9nal. Remporter deux titres d\u2019affil\u00e9e, c\u2019est un accomplissement collectif dont nous pouvons \u00eatre extr\u00eamement fiers. \u00bb<\/p>\n\n\n\n<p><\/p>\n\n\n\n<p>Andrea Stella, directeur de l\u2019\u00e9curie, a lui aussi salu\u00e9 le travail de ses \u00e9quipes et la coh\u00e9sion qui a permis \u00e0 McLaren de s\u2019imposer face \u00e0 Red Bull et Ferrari : \u00ab C\u2019est une \u00e9motion incroyable. Ce titre, je veux le partager avec chaque membre de l\u2019\u00e9quipe, ici et \u00e0 l\u2019usine. Gagner aussi t\u00f4t dans la saison, \u00e0 six courses de la fin, c\u2019est la preuve de l\u2019engagement et de la passion de tous. Merci \u00e0 nos fans, \u00e0 nos partenaires et \u00e0 tous ceux qui ont cru en nous. \u00bb<\/p>\n\n\n\n<p><\/p>\n\n\n\n<p>Le technicien italien a \u00e9galement \u00e9voqu\u00e9 l\u2019avenir et le grand virage de 2026 : \u00ab Nous travaillons d\u00e9j\u00e0 intens\u00e9ment pour maintenir ce niveau avec la nouvelle r\u00e9glementation. Ce sera un d\u00e9fi, mais nous abordons l\u2019avenir avec confiance et ambition. \u00bb<\/p>\n\n\n\n<p><\/p>\n\n\n\n<p>Du c\u00f4t\u00e9 des pilotes, la fiert\u00e9 \u00e9tait palpable. Lando Norris a confi\u00e9 : \u00ab C\u2019\u00e9tait une course difficile, mais l\u2019objectif principal \u00e9tait le titre constructeurs. Gagner \u00e0 nouveau, c\u2019est une sensation incroyable. Je suis tr\u00e8s fier de ce que nous avons accompli ensemble. \u00bb<\/p>\n\n\n\n<p><\/p>\n\n\n\n<p>Oscar Piastri a ajout\u00e9 : \u00ab C\u2019est un moment sp\u00e9cial. C\u2019est l\u2019un de nos deux grands objectifs chaque ann\u00e9e, et le faire avec plusieurs courses d\u2019avance montre la force de cette \u00e9quipe. Je suis tr\u00e8s heureux pour tout le monde chez McLaren. \u00bb<\/p>\n\n\n\n<p><\/p>\n\n\n\n<p>Avec un duo solide, une \u00e9quipe unie et une voiture redoutable, McLaren s\u2019impose comme la nouvelle r\u00e9f\u00e9rence de la Formule 1 moderne. Et \u00e0 l\u2019aube du changement r\u00e9glementaire de 2026, l\u2019\u00e9curie papaye compte bien \u00e9crire la suite de sa l\u00e9gende<\/p>\n","protected":false},"excerpt":{"rendered":"<p>Photo par F1 (internet)<\/p>\n","protected":false},"author":1,"featured_media":1112,"comment_status":"open","ping_status":"open","sticky":false,"template":"","format":"standard","meta":{"_lmt_disableupdate":"","_lmt_disable":"","footnotes":""},"categories":[21,75,48,23,49],"tags":[],"class_list":["post-1110","post","type-post","status-publish","format-standard","has-post-thumbnail","hentry","category-dernieres-nouvelles","category-gp-singapour","category-lando-norris","category-mclaren","category-oscar-piastri"],"_links":{"self":[{"href":"https:\/\/formula1mag.com\/index.php\/wp-json\/wp\/v2\/posts\/1110","targetHints":{"allow":["GET"]}}],"collection":[{"href":"https:\/\/formula1mag.com\/index.php\/wp-json\/wp\/v2\/posts"}],"about":[{"href":"https:\/\/formula1mag.com\/index.php\/wp-json\/wp\/v2\/types\/post"}],"author":[{"embeddable":true,"href":"https:\/\/formula1mag.com\/index.php\/wp-json\/wp\/v2\/users\/1"}],"replies":[{"embeddable":true,"href":"https:\/\/formula1mag.com\/index.php\/wp-json\/wp\/v2\/comments?post=1110"}],"version-history":[{"count":1,"href":"https:\/\/formula1mag.com\/index.php\/wp-json\/wp\/v2\/posts\/1110\/revisions"}],"predecessor-version":[{"id":1113,"href":"https:\/\/formula1mag.com\/index.php\/wp-json\/wp\/v2\/posts\/1110\/revisions\/1113"}],"wp:featuredmedia":[{"embeddable":true,"href":"https:\/\/formula1mag.com\/index.php\/wp-json\/wp\/v2\/media\/1112"}],"wp:attachment":[{"href":"https:\/\/formula1mag.com\/index.php\/wp-json\/wp\/v2\/media?parent=1110"}],"wp:term":[{"taxonomy":"category","embeddable":true,"href":"https:\/\/formula1mag.com\/index.php\/wp-json\/wp\/v2\/categories?post=1110"},{"taxonomy":"post_tag","embeddable":true,"href":"https:\/\/formula1mag.com\/index.php\/wp-json\/wp\/v2\/tags?post=1110"}],"curies":[{"name":"wp","href":"https:\/\/api.w.org\/{rel}","templated":true}]}}